{"id":875,"date":"2023-06-15T13:17:14","date_gmt":"2023-06-15T11:17:14","guid":{"rendered":"https:\/\/insiderfcb.de\/fcb\/?p=875"},"modified":"2023-06-15T13:17:14","modified_gmt":"2023-06-15T11:17:14","slug":"fanartikel","status":"publish","type":"post","link":"https:\/\/insiderfcb.de\/fcb\/875\/","title":{"rendered":"Fanartikel"},"content":{"rendered":"<p>Hier eine kleine \u00dcbersicht unserer Fanartikel.<br \/>\nWerden in naher Zukunft das Sortiment erweitern bzw. erneuern.<\/p>\n<p>Bei den Poloshirts (erh\u00e4ltlich f\u00fcr M\u00e4nner, Frauen, Kinder) ist das FCB-Emblem gestickt und der Flock am R\u00fccken wahlweise mit Spieler oder Torwart.<br \/>\nEbenso ist es m\u00f6glich, seinen Vornamen unter dem FCB-Emblem anzubringen.<\/p>\n<table style=\"border-collapse: collapse; width: 100%; height: 88px;\">\n<tbody>\n<tr style=\"height: 62px;\">\n<td style=\"width: 33.3333%; height: 62px;\"><\/td>\n<td style=\"width: 33.3333%; height: 62px;\"><img loading=\"lazy\" decoding=\"async\" class=\"alignnone wp-image-880 size-large\" src=\"https:\/\/insiderfcb.de\/fcb\/wp-content\/uploads\/Polo_vorn-768x1024.jpg\" alt=\"\" width=\"654\" height=\"872\" srcset=\"https:\/\/insiderfcb.de\/fcb\/wp-content\/uploads\/Polo_vorn-768x1024.jpg 768w, https:\/\/insiderfcb.de\/fcb\/wp-content\/uploads\/Polo_vorn-225x300.jpg 225w, https:\/\/insiderfcb.de\/fcb\/wp-content\/uploads\/Polo_vorn-1152x1536.jpg 1152w, https:\/\/insiderfcb.de\/fcb\/wp-content\/uploads\/Polo_vorn-1536x2048.jpg 1536w, https:\/\/insiderfcb.de\/fcb\/wp-content\/uploads\/Polo_vorn-1x1.jpg 1w, https:\/\/insiderfcb.de\/fcb\/wp-content\/uploads\/Polo_vorn-scaled.jpg 1920w\" sizes=\"auto, (max-width: 654px) 100vw, 654px\" \/><\/td>\n<td style=\"width: 33.3333%; height: 62px;\"><\/td>\n<\/tr>\n<tr style=\"height: 26px;\">\n<td style=\"width: 33.3333%; height: 26px;\"><img loading=\"lazy\" decoding=\"async\" class=\"alignnone size-large wp-image-883\" src=\"https:\/\/insiderfcb.de\/fcb\/wp-content\/uploads\/Polo__Spieler-1-768x1024.jpg\" alt=\"\" width=\"654\" height=\"872\" srcset=\"https:\/\/insiderfcb.de\/fcb\/wp-content\/uploads\/Polo__Spieler-1-768x1024.jpg 768w, https:\/\/insiderfcb.de\/fcb\/wp-content\/uploads\/Polo__Spieler-1-225x300.jpg 225w, https:\/\/insiderfcb.de\/fcb\/wp-content\/uploads\/Polo__Spieler-1-1152x1536.jpg 1152w, https:\/\/insiderfcb.de\/fcb\/wp-content\/uploads\/Polo__Spieler-1-1536x2048.jpg 1536w, https:\/\/insiderfcb.de\/fcb\/wp-content\/uploads\/Polo__Spieler-1-1x1.jpg 1w, https:\/\/insiderfcb.de\/fcb\/wp-content\/uploads\/Polo__Spieler-1-scaled.jpg 1920w\" sizes=\"auto, (max-width: 654px) 100vw, 654px\" \/><\/td>\n<td style=\"width: 33.3333%; height: 26px;\"><\/td>\n<td style=\"width: 33.3333%; height: 26px;\"><img loading=\"lazy\" decoding=\"async\" class=\"alignnone size-large wp-image-879\" src=\"https:\/\/insiderfcb.de\/fcb\/wp-content\/uploads\/Polo_TW-768x1024.jpg\" alt=\"\" width=\"654\" height=\"872\" srcset=\"https:\/\/insiderfcb.de\/fcb\/wp-content\/uploads\/Polo_TW-768x1024.jpg 768w, https:\/\/insiderfcb.de\/fcb\/wp-content\/uploads\/Polo_TW-225x300.jpg 225w, https:\/\/insiderfcb.de\/fcb\/wp-content\/uploads\/Polo_TW-1152x1536.jpg 1152w, https:\/\/insiderfcb.de\/fcb\/wp-content\/uploads\/Polo_TW-1536x2048.jpg 1536w, https:\/\/insiderfcb.de\/fcb\/wp-content\/uploads\/Polo_TW-1x1.jpg 1w, https:\/\/insiderfcb.de\/fcb\/wp-content\/uploads\/Polo_TW-scaled.jpg 1920w\" sizes=\"auto, (max-width: 654px) 100vw, 654px\" \/><\/td>\n<\/tr>\n<\/tbody>\n<\/table>\n<p>&nbsp;<\/p>\n<table style=\"border-collapse: collapse; width: 100%;\">\n<tbody>\n<tr>\n<td style=\"width: 50%;\"><img loading=\"lazy\" decoding=\"async\" class=\"alignnone size-large wp-image-878\" src=\"https:\/\/insiderfcb.de\/fcb\/wp-content\/uploads\/Cappi-1024x768.jpg\" alt=\"\" width=\"654\" height=\"491\" srcset=\"https:\/\/insiderfcb.de\/fcb\/wp-content\/uploads\/Cappi-1024x768.jpg 1024w, https:\/\/insiderfcb.de\/fcb\/wp-content\/uploads\/Cappi-300x225.jpg 300w, https:\/\/insiderfcb.de\/fcb\/wp-content\/uploads\/Cappi-768x576.jpg 768w, https:\/\/insiderfcb.de\/fcb\/wp-content\/uploads\/Cappi-1536x1152.jpg 1536w, https:\/\/insiderfcb.de\/fcb\/wp-content\/uploads\/Cappi-2048x1536.jpg 2048w, https:\/\/insiderfcb.de\/fcb\/wp-content\/uploads\/Cappi-1x1.jpg 1w\" sizes=\"auto, (max-width: 654px) 100vw, 654px\" \/><\/td>\n<td style=\"width: 50%;\"><img loading=\"lazy\" decoding=\"async\" class=\"alignnone size-large wp-image-881\" src=\"https:\/\/insiderfcb.de\/fcb\/wp-content\/uploads\/Schal-1024x576.jpg\" alt=\"\" width=\"654\" height=\"368\" srcset=\"https:\/\/insiderfcb.de\/fcb\/wp-content\/uploads\/Schal-1024x576.jpg 1024w, https:\/\/insiderfcb.de\/fcb\/wp-content\/uploads\/Schal-300x169.jpg 300w, https:\/\/insiderfcb.de\/fcb\/wp-content\/uploads\/Schal-768x432.jpg 768w, https:\/\/insiderfcb.de\/fcb\/wp-content\/uploads\/Schal-1536x864.jpg 1536w, https:\/\/insiderfcb.de\/fcb\/wp-content\/uploads\/Schal-2048x1152.jpg 2048w, https:\/\/insiderfcb.de\/fcb\/wp-content\/uploads\/Schal-2x1.jpg 2w, https:\/\/insiderfcb.de\/fcb\/wp-content\/uploads\/Schal-700x394.jpg 700w\" sizes=\"auto, (max-width: 654px) 100vw, 654px\" \/><\/td>\n<\/tr>\n<\/tbody>\n<\/table>\n","protected":false},"excerpt":{"rendered":"<p>Hier eine kleine \u00dcbersicht unserer Fanartikel. Werden in naher Zukunft das Sortiment erweitern bzw. erneuern. Bei den Poloshirts (erh\u00e4ltlich f\u00fcr M\u00e4nner, Frauen, Kinder) ist das FCB-Emblem gestickt und der Flock am R\u00fccken wahlweise mit Spieler oder Torwart. Ebenso ist es m\u00f6glich, seinen Vornamen unter dem FCB-Emblem anzubringen. &nbsp;<\/p>\n","protected":false},"author":4,"featured_media":0,"comment_status":"closed","ping_status":"closed","sticky":false,"template":"","format":"standard","meta":{"footnotes":""},"categories":[1],"tags":[],"class_list":["post-875","post","type-post","status-publish","format-standard","hentry","category-uncategorized"],"blocksy_meta":[],"_links":{"self":[{"href":"https:\/\/insiderfcb.de\/fcb\/wp-json\/wp\/v2\/posts\/875","targetHints":{"allow":["GET"]}}],"collection":[{"href":"https:\/\/insiderfcb.de\/fcb\/wp-json\/wp\/v2\/posts"}],"about":[{"href":"https:\/\/insiderfcb.de\/fcb\/wp-json\/wp\/v2\/types\/post"}],"author":[{"embeddable":true,"href":"https:\/\/insiderfcb.de\/fcb\/wp-json\/wp\/v2\/users\/4"}],"replies":[{"embeddable":true,"href":"https:\/\/insiderfcb.de\/fcb\/wp-json\/wp\/v2\/comments?post=875"}],"version-history":[{"count":3,"href":"https:\/\/insiderfcb.de\/fcb\/wp-json\/wp\/v2\/posts\/875\/revisions"}],"predecessor-version":[{"id":884,"href":"https:\/\/insiderfcb.de\/fcb\/wp-json\/wp\/v2\/posts\/875\/revisions\/884"}],"wp:attachment":[{"href":"https:\/\/insiderfcb.de\/fcb\/wp-json\/wp\/v2\/media?parent=875"}],"wp:term":[{"taxonomy":"category","embeddable":true,"href":"https:\/\/insiderfcb.de\/fcb\/wp-json\/wp\/v2\/categories?post=875"},{"taxonomy":"post_tag","embeddable":true,"href":"https:\/\/insiderfcb.de\/fcb\/wp-json\/wp\/v2\/tags?post=875"}],"curies":[{"name":"wp","href":"https:\/\/api.w.org\/{rel}","templated":true}]}}